{"id":1007,"date":"2019-11-04T13:48:59","date_gmt":"2019-11-04T12:48:59","guid":{"rendered":"http:\/\/openheim.org\/pl\/aktualnosci\/trzy-plagi-galeria-labirynt-w-op-enheim\/"},"modified":"2021-01-14T17:11:49","modified_gmt":"2021-01-14T16:11:49","slug":"trzy-plagi-galeria-labirynt-w-op-enheim","status":"publish","type":"post","link":"https:\/\/openheim.org\/en\/aktualnosci\/trzy-plagi-galeria-labirynt-w-op-enheim\/","title":{"rendered":"Three plagues \/ Galeria Labirynt in OP ENHEIM"},"content":{"rendered":"<h2><span style=\"font-weight: normal;\">Three Plagues \/ the Galeria Labirynt in OP ENHEIM<br \/> 8th of November, 6 p.m.<br \/> Salon Herz, V p. OP ENHEIM<br \/> Plac Solny 4, Wroc\u0142aw<\/span><\/h2>\n<h2><span style=\"font-weight: normal;\">OP ENHEIM and <a href=\"https:\/\/labirynt.com\/en\/\" target=\"_blank\" rel=\"noopener noreferrer\">the Galeria Labirynt<\/a> invite you to a meeting with curators of the exhibition &#8220;Three Plagues&#8221;. Magda Linkowska and Agnieszka Cie\u015blak will talk about her idea and the main themes, which are: the issue of nationalism and fascism, the problem of the Other, the feminist theme or the question of religious fundamentalism. <\/span><\/h2>\n<h2><span style=\"font-weight: normal;\">The presentation will be accompanied by screenings of selected video works, including &#8220;Sztamy&#8221; by Ewa Axelrad, &#8220;Expos\u00e9&#8221; by Jacek Malinowski and &#8220;Zapytaj Syrena&#8221; by Agnieszka Polska. <\/span><\/h2>\n<h2><span style=\"font-weight: normal;\">The title of the exhibition was taken from Ryszard Kapu\u015bci\u0144ski&#8217;s 1993 book entitled &#8220;The Siren&#8221;. The title of the exhibition was taken from Ryszard Kapu\u015bci\u0144ski&#8217;s book &#8220;Empire&#8221; published in 1993. The author warns: &#8220;The world is threatened by three plagues, three plagues. The first one is the plague of nationalism. The second is the plague of racism. The third one is the plague of religious fundamentalism. These three plagues have the same feature, the same common denominator &#8211; aggressive, omnipotent, total irrationality. <\/span><\/h2>\n<h2><span style=\"font-weight: normal;\">The event is free of charge.<br \/><\/span><span style=\"font-weight: normal;\">Please register your willingness to participate at the address below: visit@openheim.org<br \/><\/span><span style=\"font-weight: normal;\">___________________<br \/><\/span><span style=\"font-weight: normal;\">The Three Plagues exhibition is part of the program of the nationwide initiative Anti-Fascist Year, more information: <a href=\"www.rokantyfaszystowski.org\u00a0\" target=\"_blank\" rel=\"noopener noreferrer\">www.rokantyfaszystowski.org\u00a0<\/a><\/span><\/h2>\n","protected":false},"excerpt":{"rendered":"<h2><span style=\"font-weight: normal;\">OP ENHEIM and the Galeria Labirynt invite you to a meeting with curators of the exhibition entitled &#8220;Three plagues&#8221;. Magda Linkowska and Agnieszka Cie\u015blak will talk about her idea and the main themes, which are: the issue of nationalism and fascism, the problem of the Other, the feminist theme or the question of religious fundamentalism. Meeting will take place at 8th of November, at 6 p.m.<\/span><\/h2>\n","protected":false},"author":1,"featured_media":1595,"comment_status":"closed","ping_status":"closed","sticky":false,"template":"","format":"standard","meta":{"_acf_changed":false,"footnotes":""},"categories":[1,4],"tags":[],"class_list":["post-1007","post","type-post","status-publish","format-standard","has-post-thumbnail","hentry","category-aktualnosci","category-wydarzenia"],"acf":[],"_links":{"self":[{"href":"https:\/\/openheim.org\/en\/wp-json\/wp\/v2\/posts\/1007","targetHints":{"allow":["GET"]}}],"collection":[{"href":"https:\/\/openheim.org\/en\/wp-json\/wp\/v2\/posts"}],"about":[{"href":"https:\/\/openheim.org\/en\/wp-json\/wp\/v2\/types\/post"}],"author":[{"embeddable":true,"href":"https:\/\/openheim.org\/en\/wp-json\/wp\/v2\/users\/1"}],"replies":[{"embeddable":true,"href":"https:\/\/openheim.org\/en\/wp-json\/wp\/v2\/comments?post=1007"}],"version-history":[{"count":0,"href":"https:\/\/openheim.org\/en\/wp-json\/wp\/v2\/posts\/1007\/revisions"}],"wp:featuredmedia":[{"embeddable":true,"href":"https:\/\/openheim.org\/en\/wp-json\/wp\/v2\/media\/1595"}],"wp:attachment":[{"href":"https:\/\/openheim.org\/en\/wp-json\/wp\/v2\/media?parent=1007"}],"wp:term":[{"taxonomy":"category","embeddable":true,"href":"https:\/\/openheim.org\/en\/wp-json\/wp\/v2\/categories?post=1007"},{"taxonomy":"post_tag","embeddable":true,"href":"https:\/\/openheim.org\/en\/wp-json\/wp\/v2\/tags?post=1007"}],"curies":[{"name":"wp","href":"https:\/\/api.w.org\/{rel}","templated":true}]}}