{"id":6916,"date":"2022-07-25T18:09:59","date_gmt":"2022-07-25T16:09:59","guid":{"rendered":"https:\/\/openheim.org\/pl\/?p=6916"},"modified":"2022-07-25T20:09:38","modified_gmt":"2022-07-25T18:09:38","slug":"dolacz-do-zespolu-szukamy-koordynatora_ki-promocji-i-komunikacji","status":"publish","type":"post","link":"https:\/\/openheim.org\/pl\/aktualnosci\/dolacz-do-zespolu-szukamy-koordynatora_ki-promocji-i-komunikacji\/","title":{"rendered":"Do\u0142\u0105cz do zespo\u0142u &#8211; szukamy Koordynatora_ki promocji i komunikacji.\u00a0"},"content":{"rendered":"<p><strong>Do\u0142\u0105cz do zespo\u0142u &#8211; szukamy Koordynatora_ki promocji i komunikacji.<\/strong><\/p>\n<p><strong>Rozwijamy si\u0119!<br \/>\nNa wiele sposob\u00f3w, stacjonarnie i zamiejscowo, w Tarczynie. Formujemy nowe szeregi, aby realizowa\u0107 jeszcze wi\u0119cej ciekawych projekt\u00f3w kulturalnych i pod\u0105\u017ca\u0107 na wyznaczon\u0105 misj\u0105. Aby sprosta\u0107 nowym wyzwaniom, potrzebujemy wsparcia &#8211; by\u0107 mo\u017ce w\u0142a\u015bnie od Ciebie.<\/strong><\/p>\n<div class=\"cxmmr5t8 oygrvhab hcukyx3x c1et5uql o9v6fnle ii04i59q\">\n<div dir=\"auto\">\n<p>W tym momencie, do naszego zespo\u0142u szukamy osoby, kt\u00f3ra sprawnie dzia\u0142a w obszarze promocji, a social media zna jak w\u0142asn\u0105 kiesze\u0144 i kt\u00f3ra jest w stanie, podobnie jak my, pokocha\u0107 nasz\u0105 kamieniczk\u0119. Osoby, kt\u00f3ra wsp\u00f3lnie z nami, b\u0119dzie dzia\u0142a\u0142a z misj\u0105 wsparcia kultury i sztuki, a tak\u017ce razem z reszt\u0105 zespo\u0142u, swoj\u0105 osobowo\u015bci\u0105 i pomys\u0142ami, b\u0119dzie wsp\u00f3\u0142tworzy\u0142a ten dom.<\/p>\n<p>Zapraszamy do aplikowania ka\u017cdego, kto rozumie czym jest zesp\u00f3\u0142 i wsp\u00f3\u0142praca, zaanga\u017cowanie, a tak\u017ce wyzwania i odpowiedzialno\u015b\u0107. Tym lepiej, je\u015bli posiada do\u015bwiadczenie w pracy w sektorze kultury, najlepiej na stanowisku PR. <span style=\"font-size: inherit;\">Z rado\u015bci\u0105 przywitamy Ci\u0119 w naszym zespole.<\/span><\/p>\n<p>Zapraszamy do aplikowania osoby, kt\u00f3re ch\u0119tne s\u0105 dzieli\u0107 z nami t\u0119 misj\u0119 i chc\u0105 wsp\u00f3\u0142tworzy\u0107 histori\u0119 OP ENHEIM. Zapewniamy mi\u0142e warunki pracy w kamienicy, w centrum Wroc\u0142awia. Umow\u0119 o prac\u0119 oraz wynagrodzenie adekwatne do posiadanego do\u015bwiadczenia.<\/p>\n<\/div>\n<\/div>\n<p><strong>KOGO SZUKAMY?<\/strong><\/p>\n<p><strong>Osoby\u2026<\/strong><\/p>\n<p>\u2013 sprawnie poruszaj\u0105cej si\u0119 w zagadnieniach zwi\u0105zanych z promocj\u0105 i marketingiem sztuki, nie tylko w teorii, a tak\u017ce chce na bie\u017c\u0105co te umiej\u0119tno\u015bci rozwija\u0107 dzi\u0119ki realizacji kreatywnych kampanii;<\/p>\n<p>\u2013 aktywnie wspieraj\u0105cej nasz zesp\u00f3\u0142 w aktualnych, bie\u017c\u0105cych dzia\u0142aniach, r\u00f3wnie\u017c tych wieczornych i weekendowych, kt\u00f3re szcz\u0119\u015bliwie nie odbywaj\u0105 si\u0119 cz\u0119sto;<\/p>\n<p>\u2013 sprawnie pos\u0142uguj\u0105cej si\u0119 j\u0119zykiem angielskim (j\u0119zyk niemiecki b\u0119dzie mile widziany);<\/p>\n<p>\u2013 charakteryzuj\u0105cej si\u0119 kreatywno\u015bci\u0105, otwarto\u015bci\u0105, komunikatywno\u015bci\u0105, jak r\u00f3wnie\u017c odpowiedzialno\u015bci\u0105;<\/p>\n<p>\u2013 kt\u00f3rej nieobce s\u0105 takie narz\u0119dzia jak: Canva, WordPress, Asana, Bitly, Freshmail, Google Analitics, Planoly, Pakiet G-Suite czy kana\u0142y spo\u0142eczno\u015bciowe takie, jak: Facebook czy Instagram i potrafi si\u0119 nimi pos\u0142ugiwa\u0107;<\/p>\n<p>\u2013 chcia\u0142aby pog\u0142\u0119bia\u0107 umiej\u0119tno\u015bci pracy w obszarze promocji kultury, a obmy\u015blanie koncepcji promocyjnych i strategii marketingowych traktuje jak doskona\u0142\u0105 zabaw\u0119;<\/p>\n<p>\u2013 kt\u00f3ra cechuje si\u0119 dobr\u0105 organizacj\u0105 pracy, umiej\u0119tno\u015bci\u0105 radzenia sobie ze stresuj\u0105cymi sytuacjami i czyhaj\u0105cymi terminami, a tak\u017ce posiada zdolno\u015b\u0107 samodzielnego rozwi\u0105zywania problem\u00f3w;<\/p>\n<p>\u2013 posiadaj\u0105cej lekkie pi\u00f3ro i umiej\u0119tno\u015b\u0107 tworzenia tekst\u00f3w promocyjnych i informacyjnych na temat sztuki i kultury, kt\u00f3rymi \u017cywo si\u0119 interesuje;<\/p>\n<p>\u2013 ma do\u015bwiadczenie w pracy w sektorze kultury oraz ma rozpoznanie w lokalnych i ponad lokalnych mediach bran\u017cowych;<\/p>\n<p>\u2013 z poczuciem humoru, kt\u00f3ra wie czym jest praca zespo\u0142owa, zaanga\u017cowanie w realizacj\u0119 projektu oraz odpowiedzialno\u015b\u0107.<br \/>\n<strong><br \/>\nSTANOWISKO<\/strong><\/p>\n<p><strong>Jaka praca?<br \/>\n<\/strong>\u2013 stacjonarnie;<br \/>\n\u2013 dla osoby, kt\u00f3ra uko\u0144czy\u0142a studia na kierunkach kulturoznawstwo, promocja i reklama, marketing sztuki, PR lub pokrewnych;<br \/>\n\u2013 praca sta\u0142a;<\/p>\n<p><strong>Zakres obowi\u0105zk\u00f3w<\/strong><\/p>\n<ul>\n<li>\u2013 prowadzenie dzia\u0142a\u0144 promocyjnych OP ENEHIM;<\/li>\n<li>\u2013 obs\u0142uga strony internetowej: www.openheim.org oraz jej bie\u017c\u0105ca aktualizacja;<\/li>\n<li>\u2013 obs\u0142uga kont na kana\u0142ach spo\u0142eczno\u015bciowych (facebook.pl, instagram.com), newslettera (Freshmail) w celu budowania relacji z publiczno\u015bci\u0105 oraz informowania o aktualnych wydarzeniach;<\/li>\n<li>\u2013 koordynacja bie\u017c\u0105cych dzia\u0142a\u0144 promocyjno-marketingowych, tworzenie strategii promocji, \u015bcis\u0142a wsp\u00f3\u0142praca z dzia\u0142em programowym;<\/li>\n<li>\u2013 koordynacja dzia\u0142a\u0144 polegaj\u0105cych na przygotowywaniu materia\u0142\u00f3w reklamowych, graficznych i promocyjnych oraz koordynacja realizacji produkcji na druk\u00f3w na wszystkich etapach wsp\u00f3\u0142pracy, w tym wsp\u00f3\u0142praca z projektantem graficznym, fotografem, drukarniami;<\/li>\n<li>\u2013 redakcji pism, post\u00f3w, o\u015bwiadcze\u0144, artyku\u0142\u00f3w, informacji i notatek prasowych, we wsp\u00f3\u0142pracy z podmiotami dedykowanymi do wskazanych zada\u0144;<\/li>\n<li>\u2013 tworzenie raport\u00f3w medialnych podsumowuj\u0105cych realizowane projekty oraz roczn\u0105 dzia\u0142alno\u015b\u0107 instytucji;<\/li>\n<li>\u2013 budowanie relacji z mediami lokalnymi i ponadlokalnymi;<\/li>\n<\/ul>\n<p><strong>Zapewniamy mi\u0142e warunki pracy w kamienicy, w centrum Wroc\u0142awia.<br \/>\nUmow\u0119 o prac\u0119 oraz wynagrodzenie adekwatne do posiadanego do\u015bwiadczenia.<\/strong><\/p>\n<p>Warunki aplikowania<br \/>\nOsoby zainteresowane prosimy o przesy\u0142anie CV oraz List motywacyjny na adres: praca@openheim.org<br \/>\nNa zg\u0142oszenia czekamy do 15 sierpnia 2022 r.<\/p>\n<p>CV powinno zawiera\u0107 klauzul\u0119:<\/p>\n<p><em>Wyra\u017cam zgod\u0119 na przetwarzanie moich danych osobowych dla potrzeb niezb\u0119dnych do realizacji procesu rekrutacji w OP ENHEIM, zgodnie z ustaw\u0105 z dnia 10 maja 2018 roku o ochronie danych osobowych (Dz. Ustaw z 2018, poz. 1000) oraz zgodnie z Rozporz\u0105dzeniem Parlamentu Europejskiego i Rady (UE) 2016\/679 z dnia 27 kwietnia 2016 r. w sprawie ochrony os\u00f3b fizycznych w zwi\u0105zku z przetwarzaniem danych osobowych i w sprawie swobodnego przep\u0142ywu takich danych oraz uchylenia dyrektywy 95\/46\/WE (RODO).<\/em><\/p>\n<p>Uprzejmie informujemy, \u017ce skontaktujemy si\u0119 tylko z wybranymi kandydatami\/kandydatkami.<\/p>\n","protected":false},"excerpt":{"rendered":"<p>Do\u0142\u0105cz do zespo\u0142u &#8211; szukamy Koordynatora_ki promocji i komunikacji. Rozwijamy si\u0119! Na wiele sposob\u00f3w, stacjonarnie i zamiejscowo, w Tarczynie. Formujemy nowe szeregi, aby realizowa\u0107 jeszcze wi\u0119cej ciekawych projekt\u00f3w kulturalnych i pod\u0105\u017ca\u0107 na wyznaczon\u0105 misj\u0105. Aby sprosta\u0107 nowym wyzwaniom, potrzebujemy wsparcia &#8211; by\u0107 mo\u017ce w\u0142a\u015bnie od Ciebie. W tym momencie, do naszego zespo\u0142u szukamy osoby, kt\u00f3ra sprawnie dzia\u0142a w obszarze promocji, a social media zna jak w\u0142asn\u0105 kiesze\u0144 i kt\u00f3ra jest&#8230;<\/p>\n","protected":false},"author":2,"featured_media":6242,"comment_status":"closed","ping_status":"closed","sticky":false,"template":"","format":"standard","meta":{"_acf_changed":false,"footnotes":""},"categories":[1],"tags":[213,171,172,173],"class_list":["post-6916","post","type-post","status-publish","format-standard","has-post-thumbnail","hentry","category-aktualnosci","tag-ogloszenie","tag-praca","tag-promocja","tag-zespol"],"acf":[],"_links":{"self":[{"href":"https:\/\/openheim.org\/pl\/wp-json\/wp\/v2\/posts\/6916","targetHints":{"allow":["GET"]}}],"collection":[{"href":"https:\/\/openheim.org\/pl\/wp-json\/wp\/v2\/posts"}],"about":[{"href":"https:\/\/openheim.org\/pl\/wp-json\/wp\/v2\/types\/post"}],"author":[{"embeddable":true,"href":"https:\/\/openheim.org\/pl\/wp-json\/wp\/v2\/users\/2"}],"replies":[{"embeddable":true,"href":"https:\/\/openheim.org\/pl\/wp-json\/wp\/v2\/comments?post=6916"}],"version-history":[{"count":8,"href":"https:\/\/openheim.org\/pl\/wp-json\/wp\/v2\/posts\/6916\/revisions"}],"predecessor-version":[{"id":6924,"href":"https:\/\/openheim.org\/pl\/wp-json\/wp\/v2\/posts\/6916\/revisions\/6924"}],"wp:featuredmedia":[{"embeddable":true,"href":"https:\/\/openheim.org\/pl\/wp-json\/wp\/v2\/media\/6242"}],"wp:attachment":[{"href":"https:\/\/openheim.org\/pl\/wp-json\/wp\/v2\/media?parent=6916"}],"wp:term":[{"taxonomy":"category","embeddable":true,"href":"https:\/\/openheim.org\/pl\/wp-json\/wp\/v2\/categories?post=6916"},{"taxonomy":"post_tag","embeddable":true,"href":"https:\/\/openheim.org\/pl\/wp-json\/wp\/v2\/tags?post=6916"}],"curies":[{"name":"wp","href":"https:\/\/api.w.org\/{rel}","templated":true}]}}