{"id":7747,"date":"2023-03-03T20:48:24","date_gmt":"2023-03-03T19:48:24","guid":{"rendered":"https:\/\/openheim.org\/pl\/?p=7747"},"modified":"2023-05-03T13:07:12","modified_gmt":"2023-05-03T11:07:12","slug":"w-e-lab-residency-otwarty-nabor-na-rezydencje-juz-9-marca","status":"publish","type":"post","link":"https:\/\/openheim.org\/pl\/aktualnosci\/w-e-lab-residency-otwarty-nabor-na-rezydencje-juz-9-marca\/","title":{"rendered":"W \/ E LAB Residency | Otwarty nab\u00f3r na rezydencje ju\u017c 9 marca"},"content":{"rendered":"<p><img decoding=\"async\" class=\"\" title=\"\" src=\"https:\/\/openheim.org\/wp-content\/uploads\/2023\/03\/WE_LAB_logo_male.png\" alt=\"Logo W\/E LAB Residency\" width=\"161\" height=\"81\" \/><br \/>\n<b>W\/E LAB Residency (west-east laboratory) to roczny projekt dla artyst\u00f3w i artystek sztuk wizualnych, kt\u00f3ry inauguruje program rezydencji w gospodarstwie FLOWLAND w Tarczynie. Dla szes\u0301ciu tw\u00f3rc\u00f3w i tw\u00f3rczy\u0144 polskiego, niemieckiego i ukrain\u0301skiego pochodzenia z obszaru Dolnego S\u0301la\u0328ska i Saksonii, we wsp\u00f3\u0142pracy z lokalnymi partnerami, przygotowali\u015bmy \u0142\u0105cznie dwa miesi\u0119czne pobyty rezydencyjne.\u00a0<\/b><\/p>\n<p><span style=\"font-weight: 400;\">W\/E LAB Residency w Tarczynie jest dedykowany artystom i artystkom, kto\u0301rzy nie uko\u0144czyli 35 roku \u017cycia i w swojej praktyce tw\u00f3rczej interesuja\u0328 sie\u0328 takimi tematami jak: pamie\u0328c\u0301, to\u017csamo\u015b\u0107 miejsca, r\u00f3wnie\u017c Dolnego S\u0301la\u0328ska, relacje polsko-niemieckie, transgranicznos\u0301c\u0301 oraz sztuka partycypacyjna. Niezwykle bogata historia otaczaj\u0105cego nas regionu, jak i nieustannie krzyz\u0307uja\u0328ce sie\u0328 tu wa\u0328tki kulturowe, narodowos\u0301ciowe i spo\u0142eczne, b\u0119d\u0105 stanowi\u0142y wi\u0119c pukt wyj\u015bcia do podejmowanych w czasie rezydencji dzia\u0142a\u0144 artystyczno-badawczych. Dla spo\u0142ecznos\u0301ci lokalnej, to\u017csamo\u015b\u0107, czy pami\u0119\u0107 repatriacji s\u0105 tematami wa\u017cnymi i choc\u0301 w dalszym ci\u0105gu jeszcze nie s\u0105 solidnie przepracowane, to w zaciszu dom\u00f3w dalej rozmawia sie\u0328 o nich i kultywuje rodzime, przywiezione tradycje. W szczego\u0301lnos\u0301ci piele\u0328gnowane i ods\u0301wiez\u0307ane sa\u0328 zwyczaje kresowe, maj\u0105ce wa\u017cne miejsce w pami\u0119ci przesiedlen\u0301czej. Zapomina si\u0119 jednak o niemieckiej historii miejsc i tradycjach powoli wymieraja\u0328cych lub wch\u0142anianych coraz bardziej przez ludnos\u0301c\u0301 przyby\u0142\u0105 i m\u0142odsze pokolenia.<\/span><\/p>\n<p>Podczas <strong>W\/E LAB Residency<\/strong>, arty\u015bci i artystki b\u0119d\u0105 badali przez blisko miesi\u0105c lokaln\u0105 histori\u0119, czego rezultatem stanie si\u0119 porezydencyjny program artystyczny, realizowany dla publiczno\u015bci Gorlitz, Legnicy, Wroc\u0142awia i Tarczyna. Zostanie on wypracowany we wsp\u00f3\u0142pracy z kuratork\u0105.<\/p>\n<p><span style=\"font-weight: 400;\">Podj\u0119te dzia\u0142ania moga\u0328 byc\u0301 istotnym wk\u0142adem w archiwizacje\u0328 kultury niematerialnej tego wyja\u0328tkowego obszaru, jak ro\u0301wniez\u0307 stac\u0301 sie\u0328 waz\u0307nym punktem wyjs\u0301cia do dalszych dzia\u0142an\u0301 kulturalnych w obre\u0328bie relacji polsko-niemieckich. Dzie\u0328ki nim, by\u0107 mo\u017ce uda si\u0119 pog\u0142\u0119bi\u0107 s\u0301wiadomos\u0301c\u0301 historii tych teren\u00f3w, wie\u0328zo\u0301w mie\u0328dzyludzkich i czy przepracowa\u0107 tematy powojenne.<\/span><\/p>\n<p class=\"p1\"><span class=\"s1\"><b>HARMONOGRAM<br \/>\n<\/b>09.03.2023 &#8211; og\u0142oszenie naboru<br \/>\n07.05.2023 &#8211; zako\u0144czenie naboru<br \/>\n15.05.2023 &#8211; og\u0142oszenie wynik\u00f3w<br \/>\n06-08.2023 &#8211; realizacja programu rezydencji wg. harmonogramu<br \/>\n08-09.2023 &#8211; praca nad programem dzia\u0142a\u0144 porezydencyjnych<br \/>\n09-12.2023 &#8211; realizacja programu porezydencyjnego<\/span><\/p>\n<blockquote>\n<p class=\"p1\"><span class=\"s1\">> <a href=\"http:\/\/residency.flowland.org\/pl\/form\" target=\"_blank\" rel=\"noopener\">FORMULARZ ZG\u0141OSZENIOWY <\/a> <<<\/span><\/p>\n<\/blockquote>\n<p>___<br \/>\n<span style=\"font-weight: 400;\">Organizator: Fundacja FLOWLAND, OP ENHEIM<\/span><span style=\"font-weight: 400;\"><br \/>\n<\/span><span style=\"font-weight: 400;\">Wsp\u00f3\u0142organizatorzy: <\/span><span style=\"font-weight: 400;\">Galeria Sztuki w Legnicy, Muzeum \u015al\u0105skie w Go\u0308rlitz, O\u015brodek Kultury i Sztuki we Wroc\u0142awiu &#8211; Instytucja Kultury Samorz\u0105du Wojew\u00f3dztwa Dolno\u015bl\u0105skiego<\/span><span style=\"font-weight: 400;\">.<br \/>\n<\/span><span style=\"font-weight: 400;\">Projekt wsp\u00f3\u0142finansowany przez Fundacj\u0119 Wsp\u00f3\u0142pracy Polsko-Niemieckiej.<\/span><\/p>\n<p><span style=\"font-weight: 400;\">.<\/span><\/p>\n","protected":false},"excerpt":{"rendered":"<p>W\/E LAB Residency (west-east laboratory) to roczny projekt dla artyst\u00f3w i artystek sztuk wizualnych, kt\u00f3ry inauguruje program rezydencji w gospodarstwie FLOWLAND w Tarczynie. Dla szes\u0301ciu tw\u00f3rc\u00f3w i tw\u00f3rczy\u0144 polskiego, niemieckiego i ukrain\u0301skiego pochodzenia z obszaru Dolnego S\u0301la\u0328ska i Saksonii, we wsp\u00f3\u0142pracy z lokalnymi partnerami, przygotowali\u015bmy \u0142\u0105cznie dwa miesi\u0119czne pobyty rezydencyjne.\u00a0 W\/E LAB Residency w Tarczynie jest dedykowany artystom i artystkom, kto\u0301rzy nie uko\u0144czyli 35 roku \u017cycia i w swojej praktyce&#8230;<\/p>\n","protected":false},"author":2,"featured_media":7856,"comment_status":"closed","ping_status":"closed","sticky":false,"template":"","format":"standard","meta":{"_acf_changed":false,"footnotes":""},"categories":[1],"tags":[251,252,250,66,253],"class_list":["post-7747","post","type-post","status-publish","format-standard","has-post-thumbnail","hentry","category-aktualnosci","tag-art-residency","tag-rezydencja-artystyczna","tag-rezydencja","tag-tarczyn","tag-we-lab"],"acf":[],"_links":{"self":[{"href":"https:\/\/openheim.org\/pl\/wp-json\/wp\/v2\/posts\/7747","targetHints":{"allow":["GET"]}}],"collection":[{"href":"https:\/\/openheim.org\/pl\/wp-json\/wp\/v2\/posts"}],"about":[{"href":"https:\/\/openheim.org\/pl\/wp-json\/wp\/v2\/types\/post"}],"author":[{"embeddable":true,"href":"https:\/\/openheim.org\/pl\/wp-json\/wp\/v2\/users\/2"}],"replies":[{"embeddable":true,"href":"https:\/\/openheim.org\/pl\/wp-json\/wp\/v2\/comments?post=7747"}],"version-history":[{"count":59,"href":"https:\/\/openheim.org\/pl\/wp-json\/wp\/v2\/posts\/7747\/revisions"}],"predecessor-version":[{"id":8068,"href":"https:\/\/openheim.org\/pl\/wp-json\/wp\/v2\/posts\/7747\/revisions\/8068"}],"wp:featuredmedia":[{"embeddable":true,"href":"https:\/\/openheim.org\/pl\/wp-json\/wp\/v2\/media\/7856"}],"wp:attachment":[{"href":"https:\/\/openheim.org\/pl\/wp-json\/wp\/v2\/media?parent=7747"}],"wp:term":[{"taxonomy":"category","embeddable":true,"href":"https:\/\/openheim.org\/pl\/wp-json\/wp\/v2\/categories?post=7747"},{"taxonomy":"post_tag","embeddable":true,"href":"https:\/\/openheim.org\/pl\/wp-json\/wp\/v2\/tags?post=7747"}],"curies":[{"name":"wp","href":"https:\/\/api.w.org\/{rel}","templated":true}]}}