{"id":8086,"date":"2023-05-09T07:11:24","date_gmt":"2023-05-09T05:11:24","guid":{"rendered":"https:\/\/openheim.org\/pl\/?p=8086"},"modified":"2023-05-24T14:00:48","modified_gmt":"2023-05-24T12:00:48","slug":"dolacz-do-zespolu-op-enheim-szukamy-specjalisty_tki-do-dzialu-promocji","status":"publish","type":"post","link":"https:\/\/openheim.org\/pl\/aktualnosci\/dolacz-do-zespolu-op-enheim-szukamy-specjalisty_tki-do-dzialu-promocji\/","title":{"rendered":"Do\u0142\u0105cz do zespo\u0142u OP ENHEIM! Szukamy specjalisty_tki do dzia\u0142u promocji"},"content":{"rendered":"<p class=\"p1\"><span class=\"s1\"><b>Do\u0142\u0105cz do Zespo\u0142u OP ENHEIM! Szukamy Specjalisty_tki do dzia\u0142u promocji<\/b><\/span><\/p>\n<p class=\"p1\"><span class=\"s1\"><b>Rozwijamy si\u0119!<br \/>\nNa wiele sposob\u00f3w, stacjonarnie i\u00a0zamiejscowo, w\u00a0Tarczynie. Formujemy nowe szeregi, aby realizowa\u0107 jeszcze wi\u0119cej ciekawych projekt\u00f3w kulturalnych i\u00a0pod\u0105\u017ca\u0107 na\u00a0wyznaczon\u0105 misj\u0105. Aby sprosta\u0107 nowym wyzwaniom, potrzebujemy wsparcia \u2013 by\u0107 mo\u017ce w\u0142a\u015bnie od\u00a0Ciebie.<\/b><\/span><\/p>\n<p class=\"p2\"><span class=\"s1\">W tym momencie, do naszego zespo\u0142u szukamy osoby, kt\u00f3ra sprawnie dzia\u0142a w obszarze promocji, chcia\u0142aby pokierowa\u0107 naszym zespo\u0142em promocyjnym i kt\u00f3ra jest w stanie, podobnie jak my, pokocha\u0107 nasz\u0105 kamieniczk\u0119. Osoby, kt\u00f3ra wsp\u00f3lnie z nami, z zaanga\u017cowaniem b\u0119dzie dzia\u0142a\u0142a z misj\u0105 wsparcia kultury i sztuki, a tak\u017ce razem z reszt\u0105 zespo\u0142u, swoj\u0105 osobowo\u015bci\u0105 i pomys\u0142ami, b\u0119dzie wsp\u00f3\u0142tworzy\u0142a ten Dom.<\/span><\/p>\n<p class=\"p2\"><span class=\"s1\">Zapraszamy do aplikowania ka\u017cdego, kto rozumie czym jest zesp\u00f3\u0142 i wsp\u00f3\u0142praca, zaanga\u017cowanie, odpowiedzialno\u015b\u0107 za powierzone zadania, a tak\u017ce wyzwania i up\u00f3r w d\u0105\u017ceniu do postawionych cel\u00f3w. Tym lepiej, je\u015bli posiada do\u015bwiadczenie w pracy w sektorze kultury, najlepiej na stanowisku PR. Z rado\u015bci\u0105 przywitamy Ci\u0119 w naszym Zespole.<\/span><\/p>\n<p class=\"p2\"><span class=\"s1\">Zapraszamy do aplikowania osoby, kt\u00f3re ch\u0119tne s\u0105 dzieli\u0107 z nami t\u0119 misj\u0119 i chc\u0105 wsp\u00f3\u0142tworzy\u0107 histori\u0119 OP ENHEIM. Zapewniamy mi\u0142e warunki pracy w kamienicy, w centrum Wroc\u0142awia. Umow\u0119 o prac\u0119 oraz wynagrodzenie adekwatne do posiadanego do\u015bwiadczenia.<\/span><\/p>\n<p class=\"p1\"><span class=\"s1\"><b>KOGO SZUKAMY?<br \/>\nOsoby\u2026<\/b><\/span><\/p>\n<p class=\"p2\"><span class=\"s1\">\u2013 maj\u0105cej minimum rok do\u015bwiadczenia na podobnym stanowisku;<br \/>\n\u2013 sprawnie poruszaj\u0105cej si\u0119 w zagadnieniach zwi\u0105zanych z promocj\u0105 i marketingiem sztuki, nie tylko w teorii, a tak\u017ce chce na bie\u017c\u0105co te umiej\u0119tno\u015bci rozwija\u0107 dzi\u0119ki realizacji kreatywnych kampanii;<br \/>\n\u2013 aktywnie wspieraj\u0105cej nasz zesp\u00f3\u0142 w aktualnych, bie\u017c\u0105cych dzia\u0142aniach, r\u00f3wnie\u017c tych wieczornych i weekendowych, kt\u00f3re szcz\u0119\u015bliwie nie odbywaj\u0105 si\u0119 cz\u0119sto;<br \/>\n\u2013 sprawnie pos\u0142uguj\u0105cej si\u0119 j\u0119zykiem angielskim (j\u0119zyk niemiecki b\u0119dzie mile widziany);<br \/>\n\u2013 charakteryzuj\u0105cej si\u0119 kreatywno\u015bci\u0105, otwarto\u015bci\u0105, komunikatywno\u015bci\u0105, jak r\u00f3wnie\u017c odpowiedzialno\u015bci\u0105 za powierzone zadania;<br \/>\n\u2013 kt\u00f3rej nieobce s\u0105 takie narz\u0119dzia jak: Canva, WordPress, Asana, Bitly, Freshmail, Google Analitics, Planoly, Pakiet G-Suite czy kana\u0142y spo\u0142eczno\u015bciowe takie, jak: Facebook czy Instagram i potrafi si\u0119 nimi pos\u0142ugiwa\u0107;<br \/>\n\u2013 chcia\u0142aby pog\u0142\u0119bia\u0107 umiej\u0119tno\u015bci pracy w obszarze promocji kultury, a obmy\u015blanie koncepcji promocyjnych i strategii marketingowych traktuje jak doskona\u0142\u0105 zabaw\u0119;<br \/>\n\u2013 kt\u00f3ra cechuje si\u0119 ambicj\u0105, dobr\u0105 organizacj\u0105 pracy, umiej\u0119tno\u015bci\u0105 radzenia sobie ze stresuj\u0105cymi sytuacjami i czyhaj\u0105cymi terminami, a tak\u017ce posiada zdolno\u015b\u0107 samodzielnego rozwi\u0105zywania problem\u00f3w;<br \/>\n\u2013 posiadaj\u0105cej lekkie pi\u00f3ro i umiej\u0119tno\u015b\u0107 tworzenia tekst\u00f3w promocyjnych i informacyjnych na temat sztuki i kultury, kt\u00f3rymi \u017cywo si\u0119 interesuje;<br \/>\n\u2013 ma do\u015bwiadczenie w pracy w sektorze kultury oraz ma rozpoznanie w lokalnych i ponad lokalnych mediach bran\u017cowych;<br \/>\n\u2013 interesuje si\u0119 sztuk\u0105, w tym w szczeg\u00f3lno\u015bci sztuk\u0105 wsp\u00f3\u0142czesn\u0105 i ma poczucie estetyki;<br \/>\n\u2013 z poczuciem humoru, kt\u00f3ra wie czym jest praca zespo\u0142owa, zaanga\u017cowanie w realizacj\u0119 projektu i \u017cycie projektowe.<\/span><\/p>\n<p class=\"p4\"><span class=\"s1\"><b>STANOWISKO<\/b><\/span><\/p>\n<p class=\"p4\"><span class=\"s1\"><b>Jaka praca?<\/b><\/span><\/p>\n<p class=\"p4\"><span class=\"s1\">\u2013 stacjonarnie, w samym sercu Wroc\u0142awia;<br \/>\n<\/span><span class=\"s1\">\u2013 dla osoby, kt\u00f3ra\u00a0uko\u0144czy\u0142a studia na\u00a0kierunkach kulturoznawstwo, promocja i\u00a0reklama, marketing sztuki, PR\u00a0lub pokrewnych;<br \/>\n<\/span><span class=\"s1\">\u2013 dla osoby, kt\u00f3ra ma przynajmniej rok do\u015bwiadczenia na podobnym stanowisku<br \/>\n<\/span><span class=\"s1\">\u2013 praca sta\u0142a, pe\u0142ny etat, umowa o prac\u0119;<br \/>\n<\/span><span class=\"s1\">\u2013 premie \u015bwi\u0105teczne, wyjazdy integracyjne i zaplecze techniczne;<br \/>\n<\/span><span class=\"s1\">\u2013 z pe\u0142nym zapleczem technicznym;<br \/>\n\u2013 w dynamiczny, pe\u0142nym pasji zespole;<br \/>\n<\/span><span class=\"s1\">\u2013 z dzie\u0142ami autorstwa \u015bwiatowych artyst\u00f3w, zbiorami wybitnych kolekcjoner\u00f3w, tkank\u0105 historyczn\u0105 oraz w procesie budowania wyj\u0105tkowej instytucji kultury, tak\u017ce zamiejscowo.<\/span><\/p>\n<p class=\"p1\"><span class=\"s1\"><b>\u00a0<\/b><\/span><\/p>\n<p class=\"p1\"><span class=\"s1\"><b>ZAKRES OBOWI\u0104ZK\u00d3W<\/b><\/span><\/p>\n<ul class=\"ul1\">\n<li class=\"li4\"><span class=\"s1\">\u2013 prowadzenie bie\u017c\u0105cych dzia\u0142a\u0144 promocyjnych OP ENEHIM oraz budowanie wizerunku marki wed\u0142ug przygotowanej wsp\u00f3lnie z zespo\u0142em OP strategii.<br \/>\n\u2013 obs\u0142uga strony internetowej: <a href=\"http:\/\/www.openheim.org\/\"><span class=\"s2\">www.openheim.org<\/span><\/a>\u00a0oraz\u00a0jej bie\u017c\u0105ca aktualizacja, poprawa i\u00a0strukturyzacja;<br \/>\n\u2013 koordynacja pracy i supervisoring obs\u0142ugi kont na kana\u0142ach spo\u0142eczno\u015bciowych (<a href=\"http:\/\/facebook.pl\/\"><span class=\"s2\">facebook.pl<\/span><\/a>,\u00a0<a href=\"http:\/\/instagram.com\/\"><span class=\"s2\">instagram.com<\/span><\/a>)<br \/>\n\u2013 obs\u0142uga newslettera (Freshmail) i LinkedID w celu budowania relacji z publiczno\u015bci\u0105 oraz informowania o aktualnych wydarzeniach;<br \/>\n\u2013 koordynacja bie\u017c\u0105cych dzia\u0142a\u0144 promocyjno-marketingowych, tworzenie strategii promocji, \u015bcis\u0142a wsp\u00f3\u0142praca z dzia\u0142em programowym;<br \/>\n\u2013 koordynacja dzia\u0142a\u0144 polegaj\u0105cych na tworzeniu materia\u0142\u00f3w reklamowych, graficznych i promocyjnych przez podmioty wsp\u00f3\u0142pracuj\u0105ce oraz koordynacja realizacji zam\u00f3wie\u0144 na wskazane produkty na wszystkich etapach wsp\u00f3\u0142pracy, w tym wsp\u00f3\u0142praca z projektantem graficznym, fotografem, drukarni\u0105;<br \/>\n\u2013 redakcji pism, post\u00f3w, o\u015bwiadcze\u0144, artyku\u0142\u00f3w, informacji i notatek prasowych, we wsp\u00f3\u0142pracy z podmiotami dedykowanymi do wskazanych zada\u0144, tak\u017ce za po\u015brednictwem AI;<br \/>\n\u2013 tworzenie raport\u00f3w medialnych podsumowuj\u0105cych realizowane projekty oraz roczn\u0105 dzia\u0142alno\u015b\u0107 instytucji;<br \/>\n\u2013 organizacja press tour\u00f3w;<br \/>\n\u2013 obs\u0142uga programu Canva w celu tworzenia prostych grafik towarzysz\u0105cych wydarzeniom;<br \/>\n\u2013 kontakt z dziennikarzami, dbanie o wizerunek miejsca;<\/span><\/li>\n<\/ul>\n<p class=\"p1\"><span class=\"s1\"><b>Zapewniamy mi\u0142e warunki pracy w\u00a0kamienicy, w\u00a0centrum Wroc\u0142awia.<br \/>\nUmow\u0119 o prac\u0119 oraz wynagrodzenie adekwatne do posiadanego do\u015bwiadczenia, na poziomie min. 5000\u20135400 z\u0142 brutto (umowa o prac\u0119). Istnieje mo\u017cliwo\u015b\u0107 pracy w formie B2B.<\/b><\/span><\/p>\n<p class=\"p2\"><span class=\"s1\"><b>WARUNKI APLIKOWANIA<\/b><br \/>\nOsoby zainteresowane prosimy o\u00a0przesy\u0142anie CV oraz\u00a0List motywacyjny na\u00a0adres: praca@openheim.org<br \/>\nProsimy o przes\u0142anie pr\u00f3bki tekstu w typie \u201eInformacja prasowa&#8221;.<br \/>\nNa zg\u0142oszenia czekamy do 1 czerwca 2023 r.<\/span><\/p>\n<p>&nbsp;<\/p>\n<p class=\"p4\"><span class=\"s1\"><b>CV powinno zawiera\u0107 klauzul\u0119:<\/b><\/span><\/p>\n<p class=\"p4\"><em><span class=\"s1\">Wyra\u017cam zgod\u0119 na przetwarzanie moich danych osobowych dla potrzeb niezb\u0119dnych do realizacji procesu rekrutacji w OP ENHEIM, zgodnie z ustaw\u0105 z dnia 10 maja 2018 roku o ochronie danych osobowych (Dz. Ustaw z 2018, poz. 1000) oraz zgodnie z Rozporz\u0105dzeniem Parlamentu Europejskiego i Rady (UE) 2016\/679 z dnia 27 kwietnia 2016 r. w sprawie ochrony os\u00f3b fizycznych w zwi\u0105zku z przetwarzaniem danych osobowych i w sprawie swobodnego przep\u0142ywu takich danych oraz uchylenia dyrektywy 95\/46\/WE (RODO).Uprzejmie informujemy, \u017ce skontaktujemy si\u0119 tylko z wybranymi kandydatami\/kandydatkami.<\/span><\/em><\/p>\n<p class=\"p1\"><span class=\"s1\"><b>\u00a0<\/b><\/span><\/p>\n","protected":false},"excerpt":{"rendered":"<p>Do\u0142\u0105cz do Zespo\u0142u OP ENHEIM! Szukamy Specjalisty_tki do dzia\u0142u promocji Rozwijamy si\u0119! Na wiele sposob\u00f3w, stacjonarnie i\u00a0zamiejscowo, w\u00a0Tarczynie. Formujemy nowe szeregi, aby realizowa\u0107 jeszcze wi\u0119cej ciekawych projekt\u00f3w kulturalnych i\u00a0pod\u0105\u017ca\u0107 na\u00a0wyznaczon\u0105 misj\u0105. Aby sprosta\u0107 nowym wyzwaniom, potrzebujemy wsparcia \u2013 by\u0107 mo\u017ce w\u0142a\u015bnie od\u00a0Ciebie. W tym momencie, do naszego zespo\u0142u szukamy osoby, kt\u00f3ra sprawnie dzia\u0142a w obszarze promocji, chcia\u0142aby pokierowa\u0107 naszym zespo\u0142em promocyjnym i kt\u00f3ra jest w stanie, podobnie jak my, pokocha\u0107&#8230;<\/p>\n","protected":false},"author":2,"featured_media":8089,"comment_status":"closed","ping_status":"closed","sticky":false,"template":"","format":"standard","meta":{"_acf_changed":false,"footnotes":""},"categories":[1],"tags":[281,171,172,282],"class_list":["post-8086","post","type-post","status-publish","format-standard","has-post-thumbnail","hentry","category-aktualnosci","tag-dolacz-do-zespolu","tag-praca","tag-promocja","tag-specjalista-do-spraw-promocji"],"acf":[],"_links":{"self":[{"href":"https:\/\/openheim.org\/pl\/wp-json\/wp\/v2\/posts\/8086","targetHints":{"allow":["GET"]}}],"collection":[{"href":"https:\/\/openheim.org\/pl\/wp-json\/wp\/v2\/posts"}],"about":[{"href":"https:\/\/openheim.org\/pl\/wp-json\/wp\/v2\/types\/post"}],"author":[{"embeddable":true,"href":"https:\/\/openheim.org\/pl\/wp-json\/wp\/v2\/users\/2"}],"replies":[{"embeddable":true,"href":"https:\/\/openheim.org\/pl\/wp-json\/wp\/v2\/comments?post=8086"}],"version-history":[{"count":13,"href":"https:\/\/openheim.org\/pl\/wp-json\/wp\/v2\/posts\/8086\/revisions"}],"predecessor-version":[{"id":8179,"href":"https:\/\/openheim.org\/pl\/wp-json\/wp\/v2\/posts\/8086\/revisions\/8179"}],"wp:featuredmedia":[{"embeddable":true,"href":"https:\/\/openheim.org\/pl\/wp-json\/wp\/v2\/media\/8089"}],"wp:attachment":[{"href":"https:\/\/openheim.org\/pl\/wp-json\/wp\/v2\/media?parent=8086"}],"wp:term":[{"taxonomy":"category","embeddable":true,"href":"https:\/\/openheim.org\/pl\/wp-json\/wp\/v2\/categories?post=8086"},{"taxonomy":"post_tag","embeddable":true,"href":"https:\/\/openheim.org\/pl\/wp-json\/wp\/v2\/tags?post=8086"}],"curies":[{"name":"wp","href":"https:\/\/api.w.org\/{rel}","templated":true}]}}