{"id":8976,"date":"2024-02-09T11:39:29","date_gmt":"2024-02-09T10:39:29","guid":{"rendered":"https:\/\/openheim.org\/pl\/?p=8976"},"modified":"2024-05-15T13:42:00","modified_gmt":"2024-05-15T11:42:00","slug":"nie-czas-zalowac-roz-gdy-plona-lasy","status":"publish","type":"post","link":"https:\/\/openheim.org\/pl\/aktualnosci\/nie-czas-zalowac-roz-gdy-plona-lasy\/","title":{"rendered":"NIE CZAS \u017bA\u0141OWA\u0106 R\u00d3\u017b, GDY P\u0141ON\u0104 LASY                         09.03.2024 \u2013 28.04.2024"},"content":{"rendered":"<ul>\n<li class=\"p1\" style=\"text-align: left;\"><b>NIE CZAS \u017bA\u0141OWA\u0106 R\u00d3\u017b, GDY P\u0141ON\u0104 LASY<br \/>\nBogusz &#8211; Derda &#8211; Kasperska &#8211; Savashevich <\/b><\/li>\n<\/ul>\n<p class=\"p2\" style=\"text-align: left;\"><span class=\"s1\">Wystawa zbiorowa Laureatek i Laureat\u00f3w projektu OP_YOUNG<br \/>\nKuratorka: Kama Wr\u00f3bel<\/span><\/p>\n<ul>\n<li><strong><span class=\"s1\"><b>\u25aa <\/b><\/span>Wernisa\u017c:<\/strong> 08.03.2024, godz.18:30<br \/>\n<span class=\"s1\"><b>\u25aa Gdzie: <\/b>Galeria, I\u00a0p.\u00a0OP\u00a0ENHEIM, Plac Solny 4, Wroc\u0142aw<br \/>\n<\/span><\/li>\n<li><span class=\"s1\">poniedzia\u0142ek\u2013wtorek | nieczynne<br \/>\n\u015broda | 14:00\u201318:00<br \/>\nczwartek, pi\u0105tek | 14:00\u201319:00<br \/>\nsobota, niedziela | 13:00\u201319:00<\/span><br \/>\n<b><\/b><b><\/b><b><\/b><span class=\"s1\"><b>\u25aa Czas trwania wystawy:<\/b> 09.03.2024 \u2013 28.04.2024<br \/>\n<b>\u25aa Oprowadzania kuratorskie:<\/b> <a class=\"x1i10hfl xjbqb8w x1ejq31n xd10rxx x1sy0etr x17r0tee x972fbf xcfux6l x1qhh985 xm0m39n x9f619 x1ypdohk xt0psk2 xe8uvvx xdj266r x11i5rnm xat24cr x1mh8g0r xexx8yu x4uap5 x18d9i69 xkhd6sd x16tdsg8 x1hl2dhg xggy1nq x1a2a7pz xt0b8zv x1fey0fg\" tabindex=\"0\" role=\"link\" href=\"https:\/\/bit.ly\/49Qfgr2?fbclid=IwAR3VPu89XYphfgkT2VxYrvuYGLepkDiXEEKw8c9oZfyJxu_5F0BUDSWa0NI\" target=\"_blank\" rel=\"nofollow noopener noreferrer\">bit.ly\/49Qfgr2<\/a><br \/>\n<\/span><\/li>\n<\/ul>\n<p class=\"p1\" style=\"text-align: left;\"><strong>Wystawa pt. \u201eNie czas \u017ca\u0142owa\u0107 r\u00f3\u017c, gdy p\u0142on\u0105 lasy\u201d to prezentacja tw\u00f3rczo\u015bci czterech utalentowanych artystek i artysty zwi\u0105zanych z Wroc\u0142awiem &#8211; Katarzyny Bogusz, Marcina Derdy, Klaudii Kasperskiej i Ali Savashevich. Sk\u0142adaja\u0328 sie\u0328 na ni\u0105 nowe, przygotowane specjalnie na te\u0328 ekspozycj\u0119 obiekty, kto\u0301re wypracowane zosta\u0142y podczas kilkumiesi\u0119cznej pracy projektowej w OP ENHEIM.<\/strong><\/p>\n<p>Czas, w kt\u00f3rym przysz\u0142o nam \u017cy\u0107, stawia wiele wyzwa\u0144. Z jednej strony nakazuje w dalszym ci\u0105gu rozlicza\u0107 i analizowa\u0107 przesz\u0142o\u015b\u0107, z drugiej za\u015b mierzy\u0107 si\u0119 z post\u0119puj\u0105c\u0105, coraz szybsz\u0105 codzienno\u015bci\u0105, kt\u00f3rej nieobce s\u0105 w\u0105tki futurologiczne i postcyfrowe.<\/p>\n<p>M\u0142odzi arty\u015bci_stki w rozwa\u017caniach swych podejmuj\u0105 nie\u0142atwe i niezwykle aktualne tematy. Za pomoc\u0105 j\u0119zyka sztuki, analizuj\u0105 wa\u017cne dla siebie, niekiedy intymne w\u0105tki, podnosz\u0105c je do rangi uniwersalnej. Na wystawie tej, znajdziemy wi\u0119c odniesienia do totalitaryzm\u00f3w i opresji systemowej, zach\u0142anno\u015bci ludzkiej i niszczycielskiej mocy jednostki, r\u00f3wnie\u017c w kontek\u015bcie zaw\u0142aszczania, zagarniania i destrukcji. Czy znajdzie si\u0119 tu miejsce na duchowo\u015b\u0107 i metafizyk\u0119? Czy pozostanie nam wy\u0142\u0105cznie \u015bwiat nap\u0119dzany kapitalizmem, technologi\u0105 i post\u0119pem? \u015awiat do kt\u00f3rego nieuchronnie zmierzamy i kt\u00f3rego nie do ko\u0144ca jeszcze, w swej postcyfrowej strukturze, rozumiemy?<\/p>\n<p>Wystawa jest podsumowaniem czwartej edycji realizowanego od 2020 roku programu mentorskiego dla m\u0142odych artyst\u00f3w i artystek z Dolnego \u015al\u0105ska, kt\u00f3ry ma celu wsparcie i aktywizacj\u0119 lokalnej sceny artystycznej. Laureatkami tegorocznej edycji zosta\u0142y Katarzyna Bogusz i Klaudia Kasperska ex aequo, wyr\u00f3\u017cnienie za\u015b otrzymali: Marcin Derda i Ala Savashevich. Ekspozycja zostanie udost\u0119pniona dla publiczno\u015bci 08.03.2024.<\/p>\n<p>_____<\/p>\n<p><strong>Arty\u015bci_stki:<\/strong><\/p>\n<ul>\n<li>\u25aa Katarzyna Bogusz<br \/>\n\u25aa Marcin Derda<br \/>\n\u25aa Klaudia Kasperska<br \/>\n\u25aa Ala Savashevich<strong><br \/>\n<\/strong><\/li>\n<\/ul>\n<p>____<\/p>\n<p>INFORMACJE PRAKTYCZNE:<\/p>\n<p>\u2014 wst\u0119p na wernisa\u017c jest bezp\u0142atny,<br \/>\n\u2014 ze wzgl\u0119du na kameralno\u015b\u0107 przestrzeni galerii, komfort oraz bezpiecze\u0144stwo zwiedzaj\u0105cych, w dniu wernisa\u017cu wst\u0119p na wystaw\u0119 b\u0119dzie limitowany do max. 30 os\u00f3b w jednym momencie,<br \/>\n\u2014 jedna z sal zosta\u0142a wyciemniona; ta uwaga skierowana jest do os\u00f3b wra\u017cliwych sensorycznie,<br \/>\n\u2014 pod linkiem: <a href=\"https:\/\/openheim.org\/pl\/odwiedz-nas\/\" target=\"_blank\" rel=\"noopener\">LINK<\/a> umieszczony jest REGULAMIN WYDARZENIA. Uczestnictwo w wydarzeniu jest r\u00f3wnoznaczne z akceptacj\u0105 ww. regulaminu, kt\u00f3rego zapis\u00f3w ka\u017cdy z naszych go\u015bci jest zobowi\u0105zany przestrzega\u0107,<br \/>\n\u2014 wej\u015bcie do galerii mo\u017cliwe jest zar\u00f3wno schodami, jak i wind\u0105. Ch\u0119\u0107 skorzystania z windy prosimy zg\u0142asza\u0107 obs\u0142udze OP ENHEIM na miejscu.<\/p>\n<p>Wydarzenie na Facebooku >><\/p>\n<p>___________________<\/p>\n<ul>\n<li>\u25aa <b>Organizator<\/b><span style=\"font-weight: 400;\">: OP ENHEIM<\/span><br \/>\n\u25aa <b style=\"font-size: inherit;\">Wsp\u00f3\u0142organizator<\/b><span style=\"font-weight: 400;\">: <\/span><span style=\"font-weight: 400;\">VOP<\/span><br \/>\n\u25aa <b>Mecenas Honorowy<\/b><span style=\"font-weight: 400;\">: WOMAK<\/span><\/li>\n<li>\u25aa <b>Mecenas<\/b><span style=\"font-weight: 400;\">: GENTZ<\/span><br \/>\n\u25aa <b style=\"font-size: inherit;\">Partnerzy<\/b><span style=\"font-weight: 400;\">: KEIM, <a href=\"https:\/\/kotary.com.pl\/\">OPEN Reklama Oksana Solnik-Krzy\u017canowska<\/a><\/span><br \/>\n\u25aa <b style=\"font-size: inherit;\">Patroni medialni<\/b><span style=\"font-weight: 400;\">:<\/span><br \/>\nSZUM, Rynek i Sztuka, PURPOSE \u2013 zr\u00f3wnowa\u017cone zarz\u0105dzanie karier\u0105 tw\u00f3rcy, Pismo Artystyczne Format, Radio Wroc\u0142aw Kultura, NN6T<\/li>\n<\/ul>\n<p><em><span style=\"font-weight: 400;\">Projekt wsp\u00f3\u0142finansowany ze \u015brodk\u00f3w Gminy Wroc\u0142aw.<\/span><\/em><\/p>\n<p>* Tytu\u0142 wystawy zaczerpni\u0119ty zosta\u0142 z dramatu Juliusza S\u0142owackiego pt.\u00a0 <i>Lilla Weneda<\/i><\/p>\n","protected":false},"excerpt":{"rendered":"<p>NIE CZAS \u017bA\u0141OWA\u0106 R\u00d3\u017b, GDY P\u0141ON\u0104 LASY Bogusz &#8211; Derda &#8211; Kasperska &#8211; Savashevich Wystawa zbiorowa Laureatek i Laureat\u00f3w projektu OP_YOUNG Kuratorka: Kama Wr\u00f3bel \u25aa Wernisa\u017c: 08.03.2024, godz.18:30 \u25aa Gdzie: Galeria, I\u00a0p.\u00a0OP\u00a0ENHEIM, Plac Solny 4, Wroc\u0142aw poniedzia\u0142ek\u2013wtorek | nieczynne \u015broda | 14:00\u201318:00 czwartek, pi\u0105tek | 14:00\u201319:00 sobota, niedziela | 13:00\u201319:00 \u25aa Czas trwania wystawy: 09.03.2024 \u2013 28.04.2024 \u25aa Oprowadzania kuratorskie: bit.ly\/49Qfgr2 Wystawa pt. \u201eNie czas \u017ca\u0142owa\u0107 r\u00f3\u017c, gdy p\u0142on\u0105 lasy\u201d&#8230;<\/p>\n","protected":false},"author":9,"featured_media":8995,"comment_status":"closed","ping_status":"closed","sticky":false,"template":"","format":"standard","meta":{"_acf_changed":false,"footnotes":""},"categories":[1,4],"tags":[52,42,347,349,348,346,89,345,326],"class_list":["post-8976","post","type-post","status-publish","format-standard","has-post-thumbnail","hentry","category-aktualnosci","category-wydarzenia","tag-ala-savashevich","tag-kama-wrobel","tag-katarzyna-bogusz","tag-klaudia-kasperska","tag-marcin-derda","tag-nie-czas-zalowac-roz-kiedy-plona-lasy","tag-op-young","tag-wystawy-sztuki-2024","tag-wystawy-sztuki-wspolczesnej-wroclaw"],"acf":[],"_links":{"self":[{"href":"https:\/\/openheim.org\/pl\/wp-json\/wp\/v2\/posts\/8976","targetHints":{"allow":["GET"]}}],"collection":[{"href":"https:\/\/openheim.org\/pl\/wp-json\/wp\/v2\/posts"}],"about":[{"href":"https:\/\/openheim.org\/pl\/wp-json\/wp\/v2\/types\/post"}],"author":[{"embeddable":true,"href":"https:\/\/openheim.org\/pl\/wp-json\/wp\/v2\/users\/9"}],"replies":[{"embeddable":true,"href":"https:\/\/openheim.org\/pl\/wp-json\/wp\/v2\/comments?post=8976"}],"version-history":[{"count":36,"href":"https:\/\/openheim.org\/pl\/wp-json\/wp\/v2\/posts\/8976\/revisions"}],"predecessor-version":[{"id":9007,"href":"https:\/\/openheim.org\/pl\/wp-json\/wp\/v2\/posts\/8976\/revisions\/9007"}],"wp:featuredmedia":[{"embeddable":true,"href":"https:\/\/openheim.org\/pl\/wp-json\/wp\/v2\/media\/8995"}],"wp:attachment":[{"href":"https:\/\/openheim.org\/pl\/wp-json\/wp\/v2\/media?parent=8976"}],"wp:term":[{"taxonomy":"category","embeddable":true,"href":"https:\/\/openheim.org\/pl\/wp-json\/wp\/v2\/categories?post=8976"},{"taxonomy":"post_tag","embeddable":true,"href":"https:\/\/openheim.org\/pl\/wp-json\/wp\/v2\/tags?post=8976"}],"curies":[{"name":"wp","href":"https:\/\/api.w.org\/{rel}","templated":true}]}}